{"id":24003,"date":"2026-07-27T14:41:36","date_gmt":"2026-07-27T14:41:36","guid":{"rendered":"https:\/\/cannespaysdelerins.fr\/?p=24003"},"modified":"2026-08-28T10:13:48","modified_gmt":"2026-08-28T10:13:48","slug":"forum-de-lemploi-a-mougins","status":"publish","type":"post","link":"https:\/\/cannespaysdelerins.fr\/index.php\/2026\/07\/27\/forum-de-lemploi-a-mougins\/","title":{"rendered":"Forum de l&#8217;Emploi \u00e0 Mougins"},"content":{"rendered":"<p>[et_pb_section fb_built=&#8221;1&#8243; _builder_version=&#8221;4.25.2&#8243; _module_preset=&#8221;default&#8221; global_colors_info=&#8221;{}&#8221;][et_pb_row _builder_version=&#8221;4.25.2&#8243; _module_preset=&#8221;default&#8221; global_colors_info=&#8221;{}&#8221; column_structure=&#8221;1_2,1_2&#8243;][et_pb_column type=&#8221;1_2&#8243; _builder_version=&#8221;4.25.2&#8243; _module_preset=&#8221;default&#8221; global_colors_info=&#8221;{}&#8221;][et_pb_text _builder_version=&#8221;4.25.2&#8243; _module_preset=&#8221;default&#8221; hover_enabled=&#8221;0&#8243; global_colors_info=&#8221;{}&#8221; custom_padding=&#8221;||1px|||&#8221; sticky_enabled=&#8221;0&#8243;]<\/p>\n<p>Rendez-vous au Forum de l&#8217;Emploi \u00e0 Sc\u00e8ne 55 \u00e0 Mougins le 24 septembre<strong>,<\/strong><span>\u00a0de 9h00 \u00e0 13h00,\u00a0<\/span><strong>en entr\u00e9e libre<\/strong><span>.<\/span><\/p>\n<p><strong>70 stands<\/strong><span>\u00a0seront propos\u00e9s sur la matin\u00e9e avec la pr\u00e9sence d\u2019entreprises<\/span><strong><span>\u00a0<\/span>recruteurs dans des domaines d\u2019activit\u00e9 vari\u00e9s avec 500 offres \u00e0 pourvoir<\/strong><span>.<\/span><\/p>\n<p><span><\/span><\/p>\n<p class=\"p1\">Profitez de la gratuit\u00e9 des lignes du r\u00e9seau Palm Bus sur pr\u00e9sentation du coupon de transport \u00e0 t\u00e9l\u00e9charger.<\/p>\n<p class=\"p1\">Organis\u00e9 par l\u2019Agglom\u00e9ration Cannes L\u00e9rins en partenariat avec la ville de Mougins et France Travail.<\/p>\n<p><span><\/span><\/p>\n<p>[\/et_pb_text][et_pb_button button_url=&#8221;https:\/\/cannespaysdelerins.fr\/index.php\/emploi-et-insertion\/&#8221; button_text=&#8221;Retrouvez la liste des exposants, les offres et le coupon de transport \u00e0 t\u00e9l\u00e9charger.&#8221; _builder_version=&#8221;4.25.2&#8243; _module_preset=&#8221;default&#8221; hover_enabled=&#8221;0&#8243; global_colors_info=&#8221;{}&#8221; sticky_enabled=&#8221;0&#8243;][\/et_pb_button][\/et_pb_column][et_pb_column type=&#8221;1_2&#8243; _builder_version=&#8221;4.25.2&#8243; _module_preset=&#8221;default&#8221; global_colors_info=&#8221;{}&#8221;][et_pb_image src=&#8221;https:\/\/cannespaysdelerins.fr\/wp-content\/uploads\/2026\/08\/vdef-Affiche-Forum-Mougins-40&#215;60-retenue-scaled.jpg&#8221; _builder_version=&#8221;4.25.2&#8243; _module_preset=&#8221;default&#8221; title_text=&#8221;vdef Affiche &#8211; Forum Mougins &#8211; 40&#215;60 &#8211; retenue&#8221; hover_enabled=&#8221;0&#8243; sticky_enabled=&#8221;0&#8243;][\/et_pb_image][\/et_pb_column][\/et_pb_row][\/et_pb_section]<\/p>\n","protected":false},"excerpt":{"rendered":"<p>Rendez-vous au Forum de l&#8217;Emploi \u00e0 Sc\u00e8ne 55 \u00e0 Mougins le 24 septembre,\u00a0de 9h00 \u00e0 13h00,\u00a0en entr\u00e9e libre. 70 stands\u00a0seront propos\u00e9s sur la matin\u00e9e avec la pr\u00e9sence d\u2019entreprises\u00a0recruteurs dans des domaines d\u2019activit\u00e9 vari\u00e9s avec 500 offres \u00e0 pourvoir. Profitez de la gratuit\u00e9 des lignes du r\u00e9seau Palm Bus sur pr\u00e9sentation du coupon de transport \u00e0 [&hellip;]<\/p>\n","protected":false},"author":10,"featured_media":24045,"comment_status":"closed","ping_status":"closed","sticky":false,"template":"","format":"standard","meta":{"_et_pb_use_builder":"on","_et_pb_old_content":"","_et_gb_content_width":"","footnotes":""},"categories":[54,8],"tags":[],"class_list":["post-24003","post","type-post","status-publish","format-standard","has-post-thumbnail","hentry","category-actualites","category-news"],"_links":{"self":[{"href":"https:\/\/cannespaysdelerins.fr\/index.php\/wp-json\/wp\/v2\/posts\/24003","targetHints":{"allow":["GET"]}}],"collection":[{"href":"https:\/\/cannespaysdelerins.fr\/index.php\/wp-json\/wp\/v2\/posts"}],"about":[{"href":"https:\/\/cannespaysdelerins.fr\/index.php\/wp-json\/wp\/v2\/types\/post"}],"author":[{"embeddable":true,"href":"https:\/\/cannespaysdelerins.fr\/index.php\/wp-json\/wp\/v2\/users\/10"}],"replies":[{"embeddable":true,"href":"https:\/\/cannespaysdelerins.fr\/index.php\/wp-json\/wp\/v2\/comments?post=24003"}],"version-history":[{"count":7,"href":"https:\/\/cannespaysdelerins.fr\/index.php\/wp-json\/wp\/v2\/posts\/24003\/revisions"}],"predecessor-version":[{"id":24049,"href":"https:\/\/cannespaysdelerins.fr\/index.php\/wp-json\/wp\/v2\/posts\/24003\/revisions\/24049"}],"wp:featuredmedia":[{"embeddable":true,"href":"https:\/\/cannespaysdelerins.fr\/index.php\/wp-json\/wp\/v2\/media\/24045"}],"wp:attachment":[{"href":"https:\/\/cannespaysdelerins.fr\/index.php\/wp-json\/wp\/v2\/media?parent=24003"}],"wp:term":[{"taxonomy":"category","embeddable":true,"href":"https:\/\/cannespaysdelerins.fr\/index.php\/wp-json\/wp\/v2\/categories?post=24003"},{"taxonomy":"post_tag","embeddable":true,"href":"https:\/\/cannespaysdelerins.fr\/index.php\/wp-json\/wp\/v2\/tags?post=24003"}],"curies":[{"name":"wp","href":"https:\/\/api.w.org\/{rel}","templated":true}]}}