{"id":22671,"date":"2026-04-30T09:01:36","date_gmt":"2026-04-30T09:01:36","guid":{"rendered":"https:\/\/cannespaysdelerins.fr\/?p=22671"},"modified":"2026-04-30T09:02:17","modified_gmt":"2026-04-30T09:02:17","slug":"conseil-communautaire-du-30-avril-2026","status":"publish","type":"post","link":"https:\/\/cannespaysdelerins.fr\/index.php\/2026\/04\/30\/conseil-communautaire-du-30-avril-2026\/","title":{"rendered":"Conseil Communautaire du 30 avril 2026"},"content":{"rendered":"<p>[et_pb_section fb_built=&#8221;1&#8243; _builder_version=&#8221;4.25.2&#8243; _module_preset=&#8221;default&#8221; global_colors_info=&#8221;{}&#8221;][et_pb_row _builder_version=&#8221;4.25.2&#8243; _module_preset=&#8221;default&#8221; global_colors_info=&#8221;{}&#8221;][et_pb_column type=&#8221;4_4&#8243; _builder_version=&#8221;4.25.2&#8243; _module_preset=&#8221;default&#8221; global_colors_info=&#8221;{}&#8221;][et_pb_text _builder_version=&#8221;4.25.2&#8243; _module_preset=&#8221;default&#8221; global_colors_info=&#8221;{}&#8221;]<\/p>\n<p>Le conseil communautaire de l\u2019Agglom\u00e9ration Cannes L\u00e9rins s\u2019est r\u00e9uni \u00e0 Cannes sous la pr\u00e9sidence de David Lisnard, en pr\u00e9sence notamment des vice\u2011pr\u00e9sidents S\u00e9bastien Leroy, Yves Pigrenet, Christophe Ulivieri, Georges Botella et de Jean\u2011Michel Arnaud.<\/p>\n<p><strong>41 d\u00e9lib\u00e9rations figuraient \u00e0 l\u2019ordre du jour.<\/strong><\/p>\n<p>&nbsp;<\/p>\n<h4><strong><span style=\"color: #333333; font-size: 18px;\">Une gestion financi\u00e8re rigoureuse et responsable<\/span><\/strong><\/h4>\n<h4><span style=\"color: #666666; font-size: 14px;\">L&#8217;Agglom\u00e9ration maintien une gestion rigoureuse des finances publiques. La <strong>dette a diminu\u00e9 de 4,3 millions d\u2019euros en 2025<\/strong>, un effort qui se poursuivra en 2026.<\/span><\/h4>\n<div>\n<p>Parall\u00e8lement,<strong> 38,7 millions d\u2019euros sont consacr\u00e9s \u00e0 des investissements dans des projets d\u2019avenir,<\/strong> malgr\u00e9 des ressources en baisse li\u00e9es aux pr\u00e9l\u00e8vements r\u00e9currents de l\u2019\u00c9tat.<\/p>\n<p>David Lisnard a rappel\u00e9 la ligne de conduite suivie : d\u00e9fendre les contribuables, prot\u00e9ger les populations face aux inondations, pr\u00e9server l\u2019environnement, notamment la baie, d\u00e9velopper les transports publics et soutenir la cr\u00e9ation entrepreneuriale ainsi que la dynamique \u00e9conomique.<\/p>\n<p>La sobri\u00e9t\u00e9 fiscale reste la r\u00e8gle :<\/p>\n<ul>\n<li>aucune augmentation des imp\u00f4ts<\/li>\n<li>aucune taxe additionnelle pour les m\u00e9nages. Notre Agglom\u00e9ration fait partie des seules intercommunalit\u00e9s en France \u00e0 ne pas en appliquer, y compris sur le foncier b\u00e2ti.<\/li>\n<\/ul>\n<\/div>\n<p>[\/et_pb_text][et_pb_text _builder_version=&#8221;4.25.2&#8243; _module_preset=&#8221;default&#8221; global_colors_info=&#8221;{}&#8221;]<\/p>\n<h4><strong><span style=\"color: #333333; font-size: 18px;\">Accompagnement environnemental sur l\u2019\u00eele Saint\u2011Honorat<\/span><\/strong><\/h4>\n<div>\n<p>L\u2019\u00eele Saint\u2011Honorat dispose d\u2019un r\u00e9seau d\u2019assainissement priv\u00e9 ancien pr\u00e9sentant des dysfonctionnements. La Congr\u00e9gation cistercienne de l\u2019Immacul\u00e9e Conception, propri\u00e9taire de l\u2019\u00eele, a sollicit\u00e9 l\u2019expertise de la Communaut\u00e9 d\u2019agglom\u00e9ration. \u00c0 titre de m\u00e9c\u00e9nat de comp\u00e9tences, des agents ont \u00e9t\u00e9 mis \u00e0 disposition afin de pr\u00e9server le milieu marin et d\u2019am\u00e9liorer la qualit\u00e9 environnementale de l\u2019\u00eele, sans alourdir la d\u00e9pense publique ni se substituer au secteur priv\u00e9.<\/p>\n<\/div>\n<p>[\/et_pb_text][et_pb_image src=&#8221;https:\/\/cannespaysdelerins.fr\/wp-content\/uploads\/2026\/04\/saint-honorat-1-scaled.jpg&#8221; title_text=&#8221;saint honorat 1&#8243; _builder_version=&#8221;4.25.2&#8243; _module_preset=&#8221;default&#8221; hover_enabled=&#8221;0&#8243; global_colors_info=&#8221;{}&#8221; align=&#8221;center&#8221; sticky_enabled=&#8221;0&#8243;][\/et_pb_image][\/et_pb_column][\/et_pb_row][et_pb_row _builder_version=&#8221;4.25.2&#8243; _module_preset=&#8221;default&#8221; global_colors_info=&#8221;{}&#8221;][et_pb_column type=&#8221;4_4&#8243; _builder_version=&#8221;4.25.2&#8243; _module_preset=&#8221;default&#8221; global_colors_info=&#8221;{}&#8221;][et_pb_text _builder_version=&#8221;4.25.2&#8243; _module_preset=&#8221;default&#8221; global_colors_info=&#8221;{}&#8221;]<\/p>\n<div>\n<h4><strong>\u00c9nergie marine : une r\u00e9ponse concr\u00e8te au changement climatique<\/strong><\/h4>\n<p>Le projet \u00c9nergie Marine Cannes Croisette constitue une r\u00e9ponse concr\u00e8te aux enjeux humains et environnementaux li\u00e9s au r\u00e9chauffement climatique. Pr\u00e9vu pour l\u2019automne 2027, ce r\u00e9seau de chaud et de froid chauffera et climatisera plus de cinquante b\u00e2timents \u00e0 un co\u00fbt stable et inf\u00e9rieur aux prix du march\u00e9.<\/p>\n<p>S\u2019appuyant sur la mer M\u00e9diterran\u00e9e comme source d\u2019\u00e9nergie, il utilisera 75% d\u2019\u00e9nergies renouvelables et permettra d\u2019\u00e9viter chaque ann\u00e9e 10 800 tonnes de dioxyde de carbone, soit l\u2019\u00e9quivalent de 5 400 allers\u2011retours Paris\u2013New York en avion !<\/p>\n<\/div>\n<p>[\/et_pb_text][et_pb_button button_url=&#8221;https:\/\/cannespaysdelerins.fr\/index.php\/valorisation-energetique\/&#8221; button_text=&#8221;Plus d&#8217;informations&#8221; _builder_version=&#8221;4.25.2&#8243; _module_preset=&#8221;default&#8221; global_colors_info=&#8221;{}&#8221;][\/et_pb_button][\/et_pb_column][\/et_pb_row][et_pb_row column_structure=&#8221;1_3,1_3,1_3&#8243; _builder_version=&#8221;4.25.2&#8243; _module_preset=&#8221;default&#8221; global_colors_info=&#8221;{}&#8221;][et_pb_column type=&#8221;1_3&#8243; _builder_version=&#8221;4.25.2&#8243; _module_preset=&#8221;default&#8221; global_colors_info=&#8221;{}&#8221;][et_pb_image src=&#8221;https:\/\/cannespaysdelerins.fr\/wp-content\/uploads\/2026\/04\/PRINT-Cannes-Palissade-2200&#215;2000-1_2-3-scaled.jpg&#8221; _builder_version=&#8221;4.25.2&#8243; _module_preset=&#8221;default&#8221; global_colors_info=&#8221;{}&#8221;][\/et_pb_image][\/et_pb_column][et_pb_column type=&#8221;1_3&#8243; _builder_version=&#8221;4.25.2&#8243; _module_preset=&#8221;default&#8221; global_colors_info=&#8221;{}&#8221;][et_pb_image src=&#8221;https:\/\/cannespaysdelerins.fr\/wp-content\/uploads\/2026\/04\/PRINT-Cannes-Palissade-2200&#215;2000-1_2-5-scaled.jpg&#8221; admin_label=&#8221;Image&#8221; _builder_version=&#8221;4.25.2&#8243; _module_preset=&#8221;default&#8221; global_colors_info=&#8221;{}&#8221;][\/et_pb_image][\/et_pb_column][et_pb_column type=&#8221;1_3&#8243; _builder_version=&#8221;4.25.2&#8243; _module_preset=&#8221;default&#8221; global_colors_info=&#8221;{}&#8221;][et_pb_image src=&#8221;https:\/\/cannespaysdelerins.fr\/wp-content\/uploads\/2026\/04\/PRINT-Cannes-Palissade-2200&#215;2000-1_2-6-1-scaled.jpg&#8221; title_text=&#8221;PRINT-Cannes-Palissade-2200&#215;2000-1_2-6&#8243; _builder_version=&#8221;4.25.2&#8243; _module_preset=&#8221;default&#8221; global_colors_info=&#8221;{}&#8221;][\/et_pb_image][\/et_pb_column][\/et_pb_row][et_pb_row _builder_version=&#8221;4.25.2&#8243; _module_preset=&#8221;default&#8221; global_colors_info=&#8221;{}&#8221;][et_pb_column type=&#8221;4_4&#8243; _builder_version=&#8221;4.25.2&#8243; _module_preset=&#8221;default&#8221; global_colors_info=&#8221;{}&#8221;][et_pb_text _builder_version=&#8221;4.25.2&#8243; _module_preset=&#8221;default&#8221; global_colors_info=&#8221;{}&#8221;]<\/p>\n<h4><strong><span style=\"color: #333333; font-size: 18px;\">Logement : une organisation renforc\u00e9e<\/span><\/strong><\/h4>\n<div>\n<p>\u00c0 la suite de la fusion entre l\u2019Office public de l\u2019habitat et la Soci\u00e9t\u00e9 anonyme de coordination immobili\u00e8re, la soci\u00e9t\u00e9 d\u2019\u00e9conomie mixte Cannes L\u00e9rins Am\u00e9nagement Habitat int\u00e8gre d\u00e9sormais l\u2019activit\u00e9 de syndic et d\u2019administrateur de biens. Cette int\u00e9gration lui permet d\u2019assurer la gestion locative de 5 324 logements, dont 90% situ\u00e9s dans le bassin de vie communautaire.<\/p>\n<\/div>\n<p>[\/et_pb_text][et_pb_text _builder_version=&#8221;4.25.2&#8243; _module_preset=&#8221;default&#8221; global_colors_info=&#8221;{}&#8221;]<\/p>\n<h4><strong><span style=\"color: #333333; font-size: 18px;\">Encourager le covoiturage du quotidien<\/span><\/strong><\/h4>\n<div>\n<p>L&#8217;Agglom\u00e9ration poursuit son soutien au covoiturage afin de favoriser le partage des trajets du quotidien. Lanc\u00e9 en 2022, le dispositif enregistre en 2025 :<\/p>\n<ul>\n<li class=\"p1\">+32 % de covoitureurs r\u00e9guliers,<\/li>\n<li class=\"p1\">+37 % de kilom\u00e8tres parcourus.<\/li>\n<\/ul>\n<p>Tout trajet dont le d\u00e9part ou l\u2019arriv\u00e9e se situe dans l\u2019une des cinq communes de l\u2019Agglom\u00e9ration b\u00e9n\u00e9ficie d\u2019une subvention. Les trajets domicile\u2011travail sont gratuits pour les passagers et les conducteurs per\u00e7oivent entre un 1,50\u20ac et 3\u20ac par passager. Le dispositif est reconduit jusqu\u2019en 2027.<\/p>\n<\/div>\n<p>[\/et_pb_text][et_pb_button button_url=&#8221;https:\/\/cannespaysdelerins.fr\/index.php\/transports\/&#8221; button_text=&#8221;Plus d&#8217;informations&#8221; _builder_version=&#8221;4.25.2&#8243; _module_preset=&#8221;default&#8221; global_colors_info=&#8221;{}&#8221;][\/et_pb_button][\/et_pb_column][\/et_pb_row][et_pb_row column_structure=&#8221;1_3,1_3,1_3&#8243; _builder_version=&#8221;4.25.2&#8243; _module_preset=&#8221;default&#8221; global_colors_info=&#8221;{}&#8221;][et_pb_column type=&#8221;1_3&#8243; _builder_version=&#8221;4.25.2&#8243; _module_preset=&#8221;default&#8221; global_colors_info=&#8221;{}&#8221;][et_pb_image src=&#8221;https:\/\/cannespaysdelerins.fr\/wp-content\/uploads\/2026\/04\/covoit-1.png&#8221; title_text=&#8221;covoit 1&#8243; _builder_version=&#8221;4.25.2&#8243; _module_preset=&#8221;default&#8221; global_colors_info=&#8221;{}&#8221;][\/et_pb_image][\/et_pb_column][et_pb_column type=&#8221;1_3&#8243; _builder_version=&#8221;4.25.2&#8243; _module_preset=&#8221;default&#8221; global_colors_info=&#8221;{}&#8221;][et_pb_image src=&#8221;https:\/\/cannespaysdelerins.fr\/wp-content\/uploads\/2026\/04\/covoit2.png&#8221; title_text=&#8221;covoit2&#8243; admin_label=&#8221;Image&#8221; _builder_version=&#8221;4.25.2&#8243; _module_preset=&#8221;default&#8221; global_colors_info=&#8221;{}&#8221;][\/et_pb_image][\/et_pb_column][et_pb_column type=&#8221;1_3&#8243; _builder_version=&#8221;4.25.2&#8243; _module_preset=&#8221;default&#8221; global_colors_info=&#8221;{}&#8221;][et_pb_image src=&#8221;https:\/\/cannespaysdelerins.fr\/wp-content\/uploads\/2026\/04\/cvoit-2.png&#8221; title_text=&#8221;cvoit 2&#8243; _builder_version=&#8221;4.25.2&#8243; _module_preset=&#8221;default&#8221; global_colors_info=&#8221;{}&#8221;][\/et_pb_image][\/et_pb_column][\/et_pb_row][\/et_pb_section]<\/p>\n","protected":false},"excerpt":{"rendered":"<p>Le conseil communautaire de l\u2019Agglom\u00e9ration Cannes L\u00e9rins s\u2019est r\u00e9uni \u00e0 Cannes sous la pr\u00e9sidence de David Lisnard, en pr\u00e9sence notamment des vice\u2011pr\u00e9sidents S\u00e9bastien Leroy, Yves Pigrenet, Christophe Ulivieri, Georges Botella et de Jean\u2011Michel Arnaud. 41 d\u00e9lib\u00e9rations figuraient \u00e0 l\u2019ordre du jour. &nbsp; Une gestion financi\u00e8re rigoureuse et responsable L&#8217;Agglom\u00e9ration maintien une gestion rigoureuse des finances [&hellip;]<\/p>\n","protected":false},"author":5,"featured_media":22693,"comment_status":"closed","ping_status":"closed","sticky":false,"template":"","format":"standard","meta":{"_et_pb_use_builder":"on","_et_pb_old_content":"","_et_gb_content_width":"","footnotes":""},"categories":[54,8],"tags":[],"class_list":["post-22671","post","type-post","status-publish","format-standard","has-post-thumbnail","hentry","category-actualites","category-news"],"_links":{"self":[{"href":"https:\/\/cannespaysdelerins.fr\/index.php\/wp-json\/wp\/v2\/posts\/22671","targetHints":{"allow":["GET"]}}],"collection":[{"href":"https:\/\/cannespaysdelerins.fr\/index.php\/wp-json\/wp\/v2\/posts"}],"about":[{"href":"https:\/\/cannespaysdelerins.fr\/index.php\/wp-json\/wp\/v2\/types\/post"}],"author":[{"embeddable":true,"href":"https:\/\/cannespaysdelerins.fr\/index.php\/wp-json\/wp\/v2\/users\/5"}],"replies":[{"embeddable":true,"href":"https:\/\/cannespaysdelerins.fr\/index.php\/wp-json\/wp\/v2\/comments?post=22671"}],"version-history":[{"count":8,"href":"https:\/\/cannespaysdelerins.fr\/index.php\/wp-json\/wp\/v2\/posts\/22671\/revisions"}],"predecessor-version":[{"id":22699,"href":"https:\/\/cannespaysdelerins.fr\/index.php\/wp-json\/wp\/v2\/posts\/22671\/revisions\/22699"}],"wp:featuredmedia":[{"embeddable":true,"href":"https:\/\/cannespaysdelerins.fr\/index.php\/wp-json\/wp\/v2\/media\/22693"}],"wp:attachment":[{"href":"https:\/\/cannespaysdelerins.fr\/index.php\/wp-json\/wp\/v2\/media?parent=22671"}],"wp:term":[{"taxonomy":"category","embeddable":true,"href":"https:\/\/cannespaysdelerins.fr\/index.php\/wp-json\/wp\/v2\/categories?post=22671"},{"taxonomy":"post_tag","embeddable":true,"href":"https:\/\/cannespaysdelerins.fr\/index.php\/wp-json\/wp\/v2\/tags?post=22671"}],"curies":[{"name":"wp","href":"https:\/\/api.w.org\/{rel}","templated":true}]}}