{"id":22418,"date":"2026-04-30T08:00:36","date_gmt":"2026-04-30T08:00:36","guid":{"rendered":"https:\/\/cannespaysdelerins.fr\/?p=22418"},"modified":"2026-04-30T13:42:24","modified_gmt":"2026-04-30T13:42:24","slug":"sixieme-edition-de-mai-a-velo","status":"publish","type":"post","link":"https:\/\/cannespaysdelerins.fr\/index.php\/2026\/04\/30\/sixieme-edition-de-mai-a-velo\/","title":{"rendered":"Sixi\u00e8me \u00e9dition de &#8220;Mai \u00e0 v\u00e9lo&#8221;"},"content":{"rendered":"<p>[et_pb_section fb_built=&#8221;1&#8243; admin_label=&#8221;section&#8221; _builder_version=&#8221;4.16&#8243; global_colors_info=&#8221;{}&#8221;][et_pb_row admin_label=&#8221;ligne&#8221; _builder_version=&#8221;4.16&#8243; background_size=&#8221;initial&#8221; background_position=&#8221;top_left&#8221; background_repeat=&#8221;repeat&#8221; global_colors_info=&#8221;{}&#8221;][et_pb_column type=&#8221;4_4&#8243; _builder_version=&#8221;4.16&#8243; custom_padding=&#8221;|||&#8221; global_colors_info=&#8221;{}&#8221; custom_padding__hover=&#8221;|||&#8221;][et_pb_text _builder_version=&#8221;4.25.2&#8243; _module_preset=&#8221;default&#8221; global_colors_info=&#8221;{}&#8221;]Le premier week-end de mai marque le <strong>retour de l\u2019\u00e9dition nationale \u00ab Mai \u00e0 v\u00e9lo \u00bb<\/strong> pour la sixi\u00e8me ann\u00e9e cons\u00e9cutive, un \u00e9v\u00e9nement destin\u00e9 \u00e0 tous. Pour cette nouvelle \u00e9dition, se d\u00e9roulant du 1<sup>er<\/sup> au 31 mai, l\u2019Agglom\u00e9ration a de nouveau d\u00e9cid\u00e9 d&#8217;y participer en s\u2019inscrivant au challenge d\u2019activit\u00e9 collectif organis\u00e9 sur l\u2019application <strong><span style=\"color: #2f7eaf;\"><a style=\"color: #2f7eaf;\" href=\"https:\/\/palmdeplacements.fr\/actualites\/geovelo\/\">Geovelo<\/a><\/span><\/strong>.<br \/>\n[\/et_pb_text][\/et_pb_column][\/et_pb_row][et_pb_row column_structure=&#8221;3_5,2_5&#8243; _builder_version=&#8221;4.25.2&#8243; _module_preset=&#8221;default&#8221; global_colors_info=&#8221;{}&#8221;][et_pb_column type=&#8221;3_5&#8243; _builder_version=&#8221;4.25.2&#8243; _module_preset=&#8221;default&#8221; global_colors_info=&#8221;{}&#8221;][et_pb_text _builder_version=&#8221;4.25.2&#8243; _module_preset=&#8221;default&#8221; global_colors_info=&#8221;{}&#8221;]<\/p>\n<p>L\u2019objectif de cette comp\u00e9tition est de <strong>r\u00e9aliser le plus de kilom\u00e8tres \u00e0 v\u00e9lo<\/strong> afin de faire progresser le compteur de l&#8217;Agglom\u00e9ration au classement national. L\u2019ann\u00e9e derni\u00e8re, gr\u00e2ce \u00e0 cette mobilisation, ce sont pr\u00e8s de <strong>41 000 km qui ont \u00e9t\u00e9 parcourus<\/strong> sur l\u2019ensemble des communes.<\/p>\n<p>Mais pourquoi participer ? Au-del\u00e0 du challenge, ce rendez-vous est l&#8217;occasion id\u00e9ale de <strong>partager des moments conviviaux tout en pratiquant une activit\u00e9 physique r\u00e9guli\u00e8re.<\/strong><\/p>\n<p>Envie d\u2019une source de plaisir et de changement ? Alors, c\u00e9l\u00e9brons ensemble la f\u00eate du v\u00e9lo.<\/p>\n<p style=\"text-align: left;\">Rejoignez la communaut\u00e9 Geovelo de l&#8217;Agglom\u00e9ration en vous <strong>inscrivant<\/strong> <strong>depuis le QR Code <\/strong>ou en vous rendant sur le lien : <a href=\"https:\/\/geovelo.app\/fr\/communities\/invites\/DYXPBSE\/\"><u>geovelo.app\/fr\/communities\/invites\/DYXPBSE\/<\/u><\/a><\/p>\n<p>&nbsp;<\/p>\n<p style=\"text-align: left;\">Pour en savoir plus sur le dispositif &#8220;Mai \u00e0 v\u00e9lo&#8221;, rendez-vous sur la page <strong><u><a href=\"https:\/\/maiavelo.fr\/\">maiavelo.fr<\/a> <\/u><\/strong><\/p>\n<p>[\/et_pb_text][\/et_pb_column][et_pb_column type=&#8221;2_5&#8243; _builder_version=&#8221;4.25.2&#8243; _module_preset=&#8221;default&#8221; global_colors_info=&#8221;{}&#8221;][et_pb_image src=&#8221;https:\/\/cannespaysdelerins.fr\/wp-content\/uploads\/2026\/04\/Affiche-EXT_Mai-a-velo-26.jpg&#8221; _builder_version=&#8221;4.25.2&#8243; _module_preset=&#8221;default&#8221; global_colors_info=&#8221;{}&#8221;][\/et_pb_image][\/et_pb_column][\/et_pb_row][\/et_pb_section]<\/p>\n","protected":false},"excerpt":{"rendered":"<p>Le premier week-end de mai marque le retour de l\u2019\u00e9dition nationale \u00ab Mai \u00e0 v\u00e9lo \u00bb pour la sixi\u00e8me ann\u00e9e cons\u00e9cutive, un \u00e9v\u00e9nement destin\u00e9 \u00e0 tous. Pour cette nouvelle \u00e9dition, se d\u00e9roulant du 1er au 31 mai, l\u2019Agglom\u00e9ration a de nouveau d\u00e9cid\u00e9 d&#8217;y participer en s\u2019inscrivant au challenge d\u2019activit\u00e9 collectif organis\u00e9 sur l\u2019application Geovelo. L\u2019objectif [&hellip;]<\/p>\n","protected":false},"author":12,"featured_media":22550,"comment_status":"closed","ping_status":"closed","sticky":false,"template":"","format":"standard","meta":{"_et_pb_use_builder":"on","_et_pb_old_content":"","_et_gb_content_width":"","footnotes":""},"categories":[54,8],"tags":[],"class_list":["post-22418","post","type-post","status-publish","format-standard","has-post-thumbnail","hentry","category-actualites","category-news"],"_links":{"self":[{"href":"https:\/\/cannespaysdelerins.fr\/index.php\/wp-json\/wp\/v2\/posts\/22418","targetHints":{"allow":["GET"]}}],"collection":[{"href":"https:\/\/cannespaysdelerins.fr\/index.php\/wp-json\/wp\/v2\/posts"}],"about":[{"href":"https:\/\/cannespaysdelerins.fr\/index.php\/wp-json\/wp\/v2\/types\/post"}],"author":[{"embeddable":true,"href":"https:\/\/cannespaysdelerins.fr\/index.php\/wp-json\/wp\/v2\/users\/12"}],"replies":[{"embeddable":true,"href":"https:\/\/cannespaysdelerins.fr\/index.php\/wp-json\/wp\/v2\/comments?post=22418"}],"version-history":[{"count":99,"href":"https:\/\/cannespaysdelerins.fr\/index.php\/wp-json\/wp\/v2\/posts\/22418\/revisions"}],"predecessor-version":[{"id":22716,"href":"https:\/\/cannespaysdelerins.fr\/index.php\/wp-json\/wp\/v2\/posts\/22418\/revisions\/22716"}],"wp:featuredmedia":[{"embeddable":true,"href":"https:\/\/cannespaysdelerins.fr\/index.php\/wp-json\/wp\/v2\/media\/22550"}],"wp:attachment":[{"href":"https:\/\/cannespaysdelerins.fr\/index.php\/wp-json\/wp\/v2\/media?parent=22418"}],"wp:term":[{"taxonomy":"category","embeddable":true,"href":"https:\/\/cannespaysdelerins.fr\/index.php\/wp-json\/wp\/v2\/categories?post=22418"},{"taxonomy":"post_tag","embeddable":true,"href":"https:\/\/cannespaysdelerins.fr\/index.php\/wp-json\/wp\/v2\/tags?post=22418"}],"curies":[{"name":"wp","href":"https:\/\/api.w.org\/{rel}","templated":true}]}}