{"id":20598,"date":"2025-10-27T11:19:41","date_gmt":"2025-10-27T11:19:41","guid":{"rendered":"https:\/\/cannespaysdelerins.fr\/?p=20598"},"modified":"2025-10-27T11:19:41","modified_gmt":"2025-10-27T11:19:41","slug":"venez-decouvrir-les-animations-du-parc-maritime-departemental-esterel-theoule","status":"publish","type":"post","link":"https:\/\/cannespaysdelerins.fr\/index.php\/2025\/10\/27\/venez-decouvrir-les-animations-du-parc-maritime-departemental-esterel-theoule\/","title":{"rendered":"Venez d\u00e9couvrir les animations du Parc Maritime D\u00e9partemental Est\u00e9rel-Th\u00e9oule !"},"content":{"rendered":"<p>[et_pb_section fb_built=&#8221;1&#8243; _builder_version=&#8221;4.25.2&#8243; _module_preset=&#8221;default&#8221; custom_padding=&#8221;0px|||||&#8221; global_colors_info=&#8221;{}&#8221;][et_pb_row _builder_version=&#8221;4.25.2&#8243; _module_preset=&#8221;default&#8221; custom_padding=&#8221;89px|||||&#8221; global_colors_info=&#8221;{}&#8221;][et_pb_column type=&#8221;4_4&#8243; _builder_version=&#8221;4.25.2&#8243; _module_preset=&#8221;default&#8221; global_colors_info=&#8221;{}&#8221;][et_pb_text _builder_version=&#8221;4.25.2&#8243; _module_preset=&#8221;default&#8221; custom_margin=&#8221;||42px|||&#8221; global_colors_info=&#8221;{}&#8221;]<\/p>\n<p>Cet \u00e9t\u00e9, le Parc Maritime D\u00e9partemental Est\u00e9rel-Th\u00e9oule se d\u00e9voile sous un nouveau jour \u00e0 travers l\u2019\u00e9v\u00e9nement \u00ab\u202fTout un monde en bleu\u202f\u00bb. Cette initiative gratuite propose des animations pour petits et grands.<\/p>\n<p>Au programme : balades en kayak, randonn\u00e9es palm\u00e9es, stands de sensibilisation, animations scientifiques et expositions en plein air. Chaque activit\u00e9 invite \u00e0 d\u00e9couvrir, comprendre et prot\u00e9ger la biodiversit\u00e9 unique de notre littoral m\u00e9diterran\u00e9en. Que ce soit sur l\u2019eau, sous l\u2019eau ou sur la terre ferme, cette immersion au c\u0153ur de la nature promet des souvenirs inoubliables\u2026 et responsables !<\/p>\n<p>[\/et_pb_text][et_pb_button button_url=&#8221;https:\/\/cannespaysdelerins.fr\/index.php\/download\/49\/nouvelle-categorie\/20593\/40&#215;60-affiche-programme-parc-marin-2025-v1.pdf&#8221; button_text=&#8221;Retrouvez le programme &#8221; button_alignment=&#8221;center&#8221; _builder_version=&#8221;4.25.2&#8243; _module_preset=&#8221;default&#8221; global_colors_info=&#8221;{}&#8221;][\/et_pb_button][et_pb_image _builder_version=&#8221;4.25.2&#8243; _module_preset=&#8221;default&#8221; title_text=&#8221;Affiche programme Parc Marin 2025&#8243; src=&#8221;https:\/\/cannespaysdelerins.fr\/wp-content\/uploads\/2025\/07\/Affiche-programme-Parc-Marin-2025-scaled.jpg&#8221; hover_enabled=&#8221;0&#8243; sticky_enabled=&#8221;0&#8243;][\/et_pb_image][\/et_pb_column][\/et_pb_row][\/et_pb_section]<\/p>\n","protected":false},"excerpt":{"rendered":"<p>Cet \u00e9t\u00e9, le Parc Maritime D\u00e9partemental Est\u00e9rel-Th\u00e9oule se d\u00e9voile sous un nouveau jour \u00e0 travers l\u2019\u00e9v\u00e9nement \u00ab\u202fTout un monde en bleu\u202f\u00bb. Cette initiative gratuite propose des animations pour petits et grands. Au programme : balades en kayak, randonn\u00e9es palm\u00e9es, stands de sensibilisation, animations scientifiques et expositions en plein air. Chaque activit\u00e9 invite \u00e0 d\u00e9couvrir, comprendre [&hellip;]<\/p>\n","protected":false},"author":6,"featured_media":20595,"comment_status":"closed","ping_status":"closed","sticky":false,"template":"","format":"standard","meta":{"_et_pb_use_builder":"on","_et_pb_old_content":"","_et_gb_content_width":"","footnotes":""},"categories":[54],"tags":[],"class_list":["post-20598","post","type-post","status-publish","format-standard","has-post-thumbnail","hentry","category-actualites"],"_links":{"self":[{"href":"https:\/\/cannespaysdelerins.fr\/index.php\/wp-json\/wp\/v2\/posts\/20598","targetHints":{"allow":["GET"]}}],"collection":[{"href":"https:\/\/cannespaysdelerins.fr\/index.php\/wp-json\/wp\/v2\/posts"}],"about":[{"href":"https:\/\/cannespaysdelerins.fr\/index.php\/wp-json\/wp\/v2\/types\/post"}],"author":[{"embeddable":true,"href":"https:\/\/cannespaysdelerins.fr\/index.php\/wp-json\/wp\/v2\/users\/6"}],"replies":[{"embeddable":true,"href":"https:\/\/cannespaysdelerins.fr\/index.php\/wp-json\/wp\/v2\/comments?post=20598"}],"version-history":[{"count":14,"href":"https:\/\/cannespaysdelerins.fr\/index.php\/wp-json\/wp\/v2\/posts\/20598\/revisions"}],"predecessor-version":[{"id":20632,"href":"https:\/\/cannespaysdelerins.fr\/index.php\/wp-json\/wp\/v2\/posts\/20598\/revisions\/20632"}],"wp:featuredmedia":[{"embeddable":true,"href":"https:\/\/cannespaysdelerins.fr\/index.php\/wp-json\/wp\/v2\/media\/20595"}],"wp:attachment":[{"href":"https:\/\/cannespaysdelerins.fr\/index.php\/wp-json\/wp\/v2\/media?parent=20598"}],"wp:term":[{"taxonomy":"category","embeddable":true,"href":"https:\/\/cannespaysdelerins.fr\/index.php\/wp-json\/wp\/v2\/categories?post=20598"},{"taxonomy":"post_tag","embeddable":true,"href":"https:\/\/cannespaysdelerins.fr\/index.php\/wp-json\/wp\/v2\/tags?post=20598"}],"curies":[{"name":"wp","href":"https:\/\/api.w.org\/{rel}","templated":true}]}}