{"id":19648,"date":"2025-10-27T11:26:56","date_gmt":"2025-10-27T11:26:56","guid":{"rendered":"https:\/\/cannespaysdelerins.fr\/?p=19648"},"modified":"2025-10-27T11:26:56","modified_gmt":"2025-10-27T11:26:56","slug":"conseil-communautaire-28-fevrier-2025","status":"publish","type":"post","link":"https:\/\/cannespaysdelerins.fr\/index.php\/2025\/10\/27\/conseil-communautaire-28-fevrier-2025\/","title":{"rendered":"Conseil Communautaire &#8211; 28 f\u00e9vrier 2025"},"content":{"rendered":"<p>[et_pb_section fb_built=&#8221;1&#8243; _builder_version=&#8221;4.25.2&#8243; _module_preset=&#8221;default&#8221; global_colors_info=&#8221;{}&#8221;][et_pb_row _builder_version=&#8221;4.25.2&#8243; _module_preset=&#8221;default&#8221; global_colors_info=&#8221;{}&#8221;][et_pb_column type=&#8221;4_4&#8243; _builder_version=&#8221;4.25.2&#8243; _module_preset=&#8221;default&#8221; global_colors_info=&#8221;{}&#8221;][et_pb_text _builder_version=&#8221;4.25.2&#8243; _module_preset=&#8221;default&#8221; global_colors_info=&#8221;{}&#8221;]<\/p>\n<p>\u00c0 Cannes, s&#8217;est d\u00e9roul\u00e9, ce vendredi 28 f\u00e9vrier 2025, une s\u00e9ance du Conseil communautaire pr\u00e9sid\u00e9e par David Lisnard, en pr\u00e9sence des vice-pr\u00e9sidents S\u00e9bastien Leroy, Richard Galy, Georges Botella et Christophe Fiorentino.<\/p>\n<p>25 d\u00e9lib\u00e9rations sont \u00e0 l\u2019ordre du jour dont :<\/p>\n<ul>\n<li>Rapport D\u00e9veloppement Durable<\/li>\n<li>Rapport d&#8217;Orientations Budg\u00e9taires 2025<\/li>\n<li>Convention d\u2019entente pour la gestion du Canal du B\u00e9al<\/li>\n<li>Partenariat avec l&#8217;Association HandiToit Provence et signature de la Charte R\u00e9gionale d&#8217;engagement<\/li>\n<\/ul>\n<p>&nbsp;<\/p>\n<h2><strong>D\u00e9lib\u00e9ration 1 : Rapport D\u00e9veloppement Durable 2024<\/strong><\/h2>\n<p>\u00c0 cette occasion, rapport d\u00e9veloppement durable de 2024 a \u00e9t\u00e9 pr\u00e9sent\u00e9. Il met en lumi\u00e8re les engagements de notre intercommunalit\u00e9 pour concilier d\u00e9veloppement et respect de l\u2019environnement.<\/p>\n<p><a href=\"https:\/\/cannespaysdelerins.fr\/index.php\/2025\/02\/28\/rapport-developpement-durable-2024\/\"><span style=\"text-decoration: underline; color: #00ccff;\"><strong>Retrouvez le Rapport D\u00e9veloppement Durable 2024<\/strong><\/span><\/a><\/p>\n<ul>\n<li>R\u00e9seaux de chaleur et de froid. Il permettent de garantir une \u00e9nergie d\u00e9carbon\u00e9e, durable et d\u00e9corr\u00e9l\u00e9e des al\u00e9as \u00e9conomiques et g\u00e9opolitiques.\n<ul>\n<li>Mandelieu\/Cannes<\/li>\n<li>Cannes Croisette<\/li>\n<li>Quartiers de la Fray\u00e8re, Bastide Rouge, Roubine et leurs zones contigu\u00ebs<\/li>\n<\/ul>\n<\/li>\n<li>Phase op\u00e9rationnelle de r\u00e9alisation de la station de production d\u2019hydrog\u00e8ne vert \u00e0 Cannes\n<ul>\n<li>Capacit\u00e9 totale de production d\u2019hydrog\u00e8ne de 800kg\/jour<\/li>\n<li>r\u00e9duction de 3,7t\/an d\u2019\u00e9mission de CO2<\/li>\n<li>une d\u00e9marche d\u00e9carbon\u00e9e gr\u00e2ce \u00e0 la REUT de la station d\u2019\u00e9puration Aquaviva<\/li>\n<\/ul>\n<\/li>\n<li>Prot\u00e9ger contre le risque inondation\n<ul>\n<li>Recalibrage du cours d\u2019eau la Fray\u00e8re \u00e0 Cannes<\/li>\n<li>Cr\u00e9ation du barrage \u00e9cr\u00eateur de crue de Carima\u00ef au Cannet<\/li>\n<li>Recalibrage de du vallon de la Th\u00e9ouli\u00e8re \u00e0 Mandelieu-La Napoule<\/li>\n<li>Restauration capacitaire du vallon de la Plaine \u00e0 Mougins<\/li>\n<\/ul>\n<\/li>\n<li>La R\u00e9utilisation des eaux us\u00e9es trait\u00e9es a permis l\u2019irrigation d&#8217;espaces verts et divers usages urbains. En 2025, le r\u00e9seau sera \u00e9tendu pour le lavage de bennes, v\u00e9hicules de propret\u00e9, bus et la centrale d\u2019hydrog\u00e8ne et l\u2019alimentation des stades de #Saint-Cassien et Mandelieu-La Napoule<\/li>\n<li>Poursuite du Projet Alimentaire Territorial, Cannes L\u00e9rins labellis\u00e9 de niveau 2 \u00ab PAT en action \u00bb. Ce projet vise \u00e0 valoriser le travail des agriculteurs locaux et \u00e0 garantir \u00e0 tous les citoyens un acc\u00e8s simplifi\u00e9 aux produits locaux de qualit\u00e9.<\/li>\n<\/ul>\n<p><strong>\u00a0<\/strong><\/p>\n<h2><strong>D\u00e9lib\u00e9ration 2 : Rapport d&#8217;Orientations Budg\u00e9taires 2025<\/strong><\/h2>\n<p>Dans ce contexte d\u2019incertitudes \u00e9conomiques et politiques, Cannes L\u00e9rins maintiendra ses principes de sobri\u00e9t\u00e9 fiscale.<\/p>\n<ul>\n<li>Pas de hausse des taux communautaires des imp\u00f4ts locaux<\/li>\n<li>Pas de fiscalit\u00e9 fonci\u00e8re additionnelle sur les m\u00e9nages, notre Agglo est la seule en France \u00e0 le faire<\/li>\n<\/ul>\n<blockquote>\n<p>\u00ab Ces orientations budg\u00e9taires visent \u00e0 \u00e9tablir un budget prudent, anticipatif et fond\u00e9 sur un r\u00e9alisme constructif. Nous investissons beaucoup pour l\u2019avenir, pour prot\u00e9ger les populations face aux risques majeurs et en faveur de la transition \u00e9cologique. \u00bb <em>David Lisnard, Pr\u00e9sident de l\u2019Agglom\u00e9ration Cannes L\u00e9rins, Maire de Cannes<\/em><\/p>\n<p><em>\u00ab Malgr\u00e9 les dynamiques de charges li\u00e9es aux projets d\u2019avenir, nous consolidons actuellement les finances de l\u2019Agglom\u00e9ration. \u00bb David Lisnard, Pr\u00e9sident de l\u2019Agglom\u00e9ration Cannes L\u00e9rins, Maire de Cannes<\/em><\/p>\n<\/blockquote>\n<h2>\u00a0<\/h2>\n<h2><strong>D\u00e9lib\u00e9ration 7 :\u00a0 Convention d\u2019entente pour la gestion du Canal du B\u00e9al<\/strong><\/h2>\n<p>Signature de la convention entre l\u2019Agglom\u00e9ration Cannes L\u00e9rins, la Communaut\u00e9 d&#8217;Agglom\u00e9ration du Pays de Grasse et le SMIAGE sur les modalit\u00e9s de gestion et d\u2019entretien du canal du B\u00e9al au titre de la comp\u00e9tence Gestion des Milieux Aquatiques et Pr\u00e9vention des Inondations #GEMAPI.<\/p>\n<p>Le B\u00e9al prend sa source au sein de la @comagglo et se termine \u00e0 #CannesL\u00e9rins. Situ\u00e9 \u00e0 cheval sur nos deux intercommunalit\u00e9s, ce canal joue un r\u00f4le essentiel :<\/p>\n<ul>\n<li>Il aide \u00e0 limiter les inondations en \u00e9vacuant les eaux pluviales de la plaine<\/li>\n<li>Il permet d\u2019irriguer les terres agricoles<\/li>\n<\/ul>\n<p>&nbsp;<\/p>\n<h2><strong>D\u00e9lib\u00e9ration 12 : Partenariat avec l&#8217;Association HandiToit Provence et signature de la Charte R\u00e9gionale d&#8217;engagement<\/strong><\/h2>\n<p>L\u2019Agglom\u00e9ration m\u00e8ne de nombreuses actions pour renforcer l\u2019accessibilit\u00e9 et l\u2019inclusion dans tous les aspects du quotidien : transports, voirie, habitat, insertion professionnelle.<\/p>\n<p>Cannes L\u00e9rins continue et renforce son engagement avec deux actions :<\/p>\n<ul>\n<li>Signature d\u2019un partenariat avec <a href=\"https:\/\/www.handitoit.org\/\">HandiToit Provence<\/a> pour soutenir sa politique de logement destin\u00e9e aux personnes en situation de handicap.\n<ul>\n<li>Aide \u00e0 la recherche de logement adapt\u00e9<\/li>\n<li>Sensibilisation aux enjeux de l\u2019accessibilit\u00e9<\/li>\n<li>Projets pour l\u2019autonomie et l\u2019inclusion sociale<\/li>\n<\/ul>\n<\/li>\n<li>Signature de la Charte r\u00e9gionale d\u2019Engagement pour le logement des personnes en situation de handicap et en perte d\u2019autonomie li\u00e9e \u00e0 l\u2019\u00e2ge en R\u00e9gion PACA.\n<ul>\n<li>Sensibiliser sur les besoins en logement<\/li>\n<li>D\u00e9velopper l\u2019offre adapt\u00e9 \u00e0 ces publics sp\u00e9cifiques<\/li>\n<\/ul>\n<\/li>\n<\/ul>\n<p>[\/et_pb_text][\/et_pb_column][\/et_pb_row][\/et_pb_section]<\/p>\n","protected":false},"excerpt":{"rendered":"<p>\u00c0 Cannes, s&#8217;est d\u00e9roul\u00e9, ce vendredi 28 f\u00e9vrier 2025, une s\u00e9ance du Conseil communautaire pr\u00e9sid\u00e9e par David Lisnard, en pr\u00e9sence des vice-pr\u00e9sidents S\u00e9bastien Leroy, Richard Galy, Georges Botella et Christophe Fiorentino. 25 d\u00e9lib\u00e9rations sont \u00e0 l\u2019ordre du jour dont : Rapport D\u00e9veloppement Durable Rapport d&#8217;Orientations Budg\u00e9taires 2025 Convention d\u2019entente pour la gestion du Canal du [&hellip;]<\/p>\n","protected":false},"author":5,"featured_media":19655,"comment_status":"closed","ping_status":"closed","sticky":false,"template":"","format":"standard","meta":{"_et_pb_use_builder":"on","_et_pb_old_content":"","_et_gb_content_width":"","footnotes":""},"categories":[54],"tags":[],"class_list":["post-19648","post","type-post","status-publish","format-standard","has-post-thumbnail","hentry","category-actualites"],"_links":{"self":[{"href":"https:\/\/cannespaysdelerins.fr\/index.php\/wp-json\/wp\/v2\/posts\/19648","targetHints":{"allow":["GET"]}}],"collection":[{"href":"https:\/\/cannespaysdelerins.fr\/index.php\/wp-json\/wp\/v2\/posts"}],"about":[{"href":"https:\/\/cannespaysdelerins.fr\/index.php\/wp-json\/wp\/v2\/types\/post"}],"author":[{"embeddable":true,"href":"https:\/\/cannespaysdelerins.fr\/index.php\/wp-json\/wp\/v2\/users\/5"}],"replies":[{"embeddable":true,"href":"https:\/\/cannespaysdelerins.fr\/index.php\/wp-json\/wp\/v2\/comments?post=19648"}],"version-history":[{"count":5,"href":"https:\/\/cannespaysdelerins.fr\/index.php\/wp-json\/wp\/v2\/posts\/19648\/revisions"}],"predecessor-version":[{"id":19656,"href":"https:\/\/cannespaysdelerins.fr\/index.php\/wp-json\/wp\/v2\/posts\/19648\/revisions\/19656"}],"wp:featuredmedia":[{"embeddable":true,"href":"https:\/\/cannespaysdelerins.fr\/index.php\/wp-json\/wp\/v2\/media\/19655"}],"wp:attachment":[{"href":"https:\/\/cannespaysdelerins.fr\/index.php\/wp-json\/wp\/v2\/media?parent=19648"}],"wp:term":[{"taxonomy":"category","embeddable":true,"href":"https:\/\/cannespaysdelerins.fr\/index.php\/wp-json\/wp\/v2\/categories?post=19648"},{"taxonomy":"post_tag","embeddable":true,"href":"https:\/\/cannespaysdelerins.fr\/index.php\/wp-json\/wp\/v2\/tags?post=19648"}],"curies":[{"name":"wp","href":"https:\/\/api.w.org\/{rel}","templated":true}]}}