{"id":19169,"date":"2025-10-27T11:21:32","date_gmt":"2025-10-27T11:21:32","guid":{"rendered":"https:\/\/cannespaysdelerins.fr\/?p=19169"},"modified":"2025-10-27T11:21:32","modified_gmt":"2025-10-27T11:21:32","slug":"que-faire-de-votre-sapin-apres-les-fetes","status":"publish","type":"post","link":"https:\/\/cannespaysdelerins.fr\/index.php\/2025\/10\/27\/que-faire-de-votre-sapin-apres-les-fetes\/","title":{"rendered":"Que faire de votre sapin apr\u00e8s les f\u00eates"},"content":{"rendered":"<p>[et_pb_section fb_built=&#8221;1&#8243; _builder_version=&#8221;4.25.2&#8243; _module_preset=&#8221;default&#8221; global_colors_info=&#8221;{}&#8221;][et_pb_row _builder_version=&#8221;4.25.2&#8243; _module_preset=&#8221;default&#8221; global_colors_info=&#8221;{}&#8221;][et_pb_column type=&#8221;4_4&#8243; _builder_version=&#8221;4.25.2&#8243; _module_preset=&#8221;default&#8221; global_colors_info=&#8221;{}&#8221;][et_pb_text _builder_version=&#8221;4.25.2&#8243; _module_preset=&#8221;default&#8221; global_colors_info=&#8221;{}&#8221;]<\/p>\n<p>D\u00e8s la fin des f\u00eates de No\u00ebl et pendant tout le mois de janvier 2025, l\u2019Agglom\u00e9ration Cannes L\u00e9rins permet aux habitants de d\u00e9poser leur sapin aux points d\u2019apports volontaires d\u00e9di\u00e9s pr\u00e9sents dans les cinq communes (Cannes, Le Cannet, Mandelieu-La Napoule, Mougins et Th\u00e9oule-sur-Mer). Gr\u00e2ce \u00e0 ce geste vertueux, une partie des sapins est broy\u00e9e et r\u00e9utilis\u00e9e comme paillage pour les espaces verts communaux ou les sites de compostage collectif. Le reste est compost\u00e9 et revendu \u00e0 prix attractif aux agriculteurs et horticulteurs locaux. A noter que les composts obtenus sont labellis\u00e9s \u00ab agriculture biologique \u00bb. Cette action s\u2019inscrit dans le cadre de l\u2019op\u00e9ration \u00ab Une seconde vie pour mon sapin \u00bb et plus g\u00e9n\u00e9ralement dans la strat\u00e9gie de valorisation des d\u00e9chets lanc\u00e9e d\u00e8s 2017 par le pr\u00e9sident de l\u2019Agglom\u00e9ration cannoise, David Lisnard.<\/p>\n<a href='https:\/\/www.canneslerins-infotri.fr\/donnez-une-seconde-vie-a-votre-sapin-2\/' class='small-button smallblue' target=\"_blank\">En savoir plus<\/a>\n<p>[\/et_pb_text][\/et_pb_column][\/et_pb_row][\/et_pb_section]<\/p>\n","protected":false},"excerpt":{"rendered":"<p>D\u00e8s la fin des f\u00eates de No\u00ebl et pendant tout le mois de janvier 2025, l\u2019Agglom\u00e9ration Cannes L\u00e9rins permet aux habitants de d\u00e9poser leur sapin aux points d\u2019apports volontaires d\u00e9di\u00e9s pr\u00e9sents dans les cinq communes (Cannes, Le Cannet, Mandelieu-La Napoule, Mougins et Th\u00e9oule-sur-Mer). Gr\u00e2ce \u00e0 ce geste vertueux, une partie des sapins est broy\u00e9e et [&hellip;]<\/p>\n","protected":false},"author":7,"featured_media":19175,"comment_status":"closed","ping_status":"closed","sticky":false,"template":"","format":"standard","meta":{"_et_pb_use_builder":"on","_et_pb_old_content":"","_et_gb_content_width":"","footnotes":""},"categories":[54],"tags":[],"class_list":["post-19169","post","type-post","status-publish","format-standard","has-post-thumbnail","hentry","category-actualites"],"_links":{"self":[{"href":"https:\/\/cannespaysdelerins.fr\/index.php\/wp-json\/wp\/v2\/posts\/19169","targetHints":{"allow":["GET"]}}],"collection":[{"href":"https:\/\/cannespaysdelerins.fr\/index.php\/wp-json\/wp\/v2\/posts"}],"about":[{"href":"https:\/\/cannespaysdelerins.fr\/index.php\/wp-json\/wp\/v2\/types\/post"}],"author":[{"embeddable":true,"href":"https:\/\/cannespaysdelerins.fr\/index.php\/wp-json\/wp\/v2\/users\/7"}],"replies":[{"embeddable":true,"href":"https:\/\/cannespaysdelerins.fr\/index.php\/wp-json\/wp\/v2\/comments?post=19169"}],"version-history":[{"count":7,"href":"https:\/\/cannespaysdelerins.fr\/index.php\/wp-json\/wp\/v2\/posts\/19169\/revisions"}],"predecessor-version":[{"id":19561,"href":"https:\/\/cannespaysdelerins.fr\/index.php\/wp-json\/wp\/v2\/posts\/19169\/revisions\/19561"}],"wp:featuredmedia":[{"embeddable":true,"href":"https:\/\/cannespaysdelerins.fr\/index.php\/wp-json\/wp\/v2\/media\/19175"}],"wp:attachment":[{"href":"https:\/\/cannespaysdelerins.fr\/index.php\/wp-json\/wp\/v2\/media?parent=19169"}],"wp:term":[{"taxonomy":"category","embeddable":true,"href":"https:\/\/cannespaysdelerins.fr\/index.php\/wp-json\/wp\/v2\/categories?post=19169"},{"taxonomy":"post_tag","embeddable":true,"href":"https:\/\/cannespaysdelerins.fr\/index.php\/wp-json\/wp\/v2\/tags?post=19169"}],"curies":[{"name":"wp","href":"https:\/\/api.w.org\/{rel}","templated":true}]}}