{"id":18699,"date":"2025-10-27T11:21:32","date_gmt":"2025-10-27T11:21:32","guid":{"rendered":"https:\/\/cannespaysdelerins.fr\/?p=18699"},"modified":"2025-10-27T11:21:32","modified_gmt":"2025-10-27T11:21:32","slug":"conseil-communautaire-du-11-octobre-2024","status":"publish","type":"post","link":"https:\/\/cannespaysdelerins.fr\/index.php\/2025\/10\/27\/conseil-communautaire-du-11-octobre-2024\/","title":{"rendered":"Conseil Communautaire du 11 octobre 2024"},"content":{"rendered":"<p>[et_pb_section fb_built=&#8221;1&#8243; _builder_version=&#8221;4.25.2&#8243; _module_preset=&#8221;default&#8221; global_colors_info=&#8221;{}&#8221;][et_pb_row _builder_version=&#8221;4.25.2&#8243; _module_preset=&#8221;default&#8221; global_colors_info=&#8221;{}&#8221;][et_pb_column type=&#8221;4_4&#8243; _builder_version=&#8221;4.25.2&#8243; _module_preset=&#8221;default&#8221; global_colors_info=&#8221;{}&#8221;][et_pb_text _builder_version=&#8221;4.25.2&#8243; _module_preset=&#8221;default&#8221; global_colors_info=&#8221;{}&#8221;]<\/p>\n<p>Lors de la s\u00e9ance du <strong>Conseil communautaire \u00e0 Cannes<\/strong>, pr\u00e9sid\u00e9e par David Lisnard avec les vice-pr\u00e9sidents S\u00e9bastien Leroy et Richard Galy, plusieurs d\u00e9cisions cl\u00e9s ont \u00e9t\u00e9 prises pour l\u2019avenir de l\u2019Agglom\u00e9ration.<\/p>\n<p>&nbsp;<\/p>\n<h3>Plan Climat-Air-\u00c9nergie<\/h3>\n<p>Un objectif ambitieux de r\u00e9duction des <strong>\u00e9missions de gaz \u00e0 effet de serre de 40 %<\/strong> et de la <strong>consommation \u00e9nerg\u00e9tique de 31 %<\/strong> avec un accent sur les \u00e9nergies renouvelables.<\/p>\n<h3>Qualit\u00e9 et prix de l\u2019eau<\/h3>\n<p>Le rapport du SICASIL a mis en avant une eau de qualit\u00e9 \u00e0 un prix parmi les plus bas de France, valorisant la gestion locale de ce service essentiel.<\/p>\n<h3>D\u00e9b\u00e9tonnisation<\/h3>\n<p>Plus de <strong>80 000 m\u00b2<\/strong> de foncier ont \u00e9t\u00e9 acquis par l\u2019Agglom\u00e9ration pour d\u00e9b\u00e9tonniser les secteurs expos\u00e9s au risque inondation.<\/p>\n<p>&nbsp;<\/p>\n<p>[\/et_pb_text][et_pb_slider admin_label=&#8221;Diapo&#8221; _builder_version=&#8221;4.25.2&#8243; _module_preset=&#8221;default&#8221; background_image=&#8221;https:\/\/cannespaysdelerins.fr\/wp-content\/uploads\/2024\/11\/DSC7722P.jpg&#8221; db_height=&#8221;700px&#8221; global_colors_info=&#8221;{}&#8221;][et_pb_slide _builder_version=&#8221;4.25.2&#8243; _module_preset=&#8221;default&#8221; background_image=&#8221;https:\/\/cannespaysdelerins.fr\/wp-content\/uploads\/2024\/11\/DSC7671P.jpg&#8221; background_enable_image=&#8221;on&#8221; global_colors_info=&#8221;{}&#8221; sticky_transition=&#8221;on&#8221;][\/et_pb_slide][et_pb_slide _builder_version=&#8221;4.25.2&#8243; _module_preset=&#8221;default&#8221; background_image=&#8221;https:\/\/cannespaysdelerins.fr\/wp-content\/uploads\/2024\/11\/DSC7684P.jpg&#8221; background_enable_image=&#8221;on&#8221; global_colors_info=&#8221;{}&#8221; sticky_transition=&#8221;on&#8221;][\/et_pb_slide][et_pb_slide _builder_version=&#8221;4.25.2&#8243; _module_preset=&#8221;default&#8221; background_image=&#8221;https:\/\/cannespaysdelerins.fr\/wp-content\/uploads\/2024\/11\/DSC7642P.jpg&#8221; background_enable_image=&#8221;on&#8221; global_colors_info=&#8221;{}&#8221; sticky_transition=&#8221;on&#8221;][\/et_pb_slide][et_pb_slide _builder_version=&#8221;4.25.2&#8243; _module_preset=&#8221;default&#8221; background_image=&#8221;https:\/\/cannespaysdelerins.fr\/wp-content\/uploads\/2024\/11\/DSC7722P.jpg&#8221; background_enable_image=&#8221;on&#8221; global_colors_info=&#8221;{}&#8221; sticky_transition=&#8221;on&#8221;][\/et_pb_slide][et_pb_slide _builder_version=&#8221;4.25.2&#8243; _module_preset=&#8221;default&#8221; background_image=&#8221;https:\/\/cannespaysdelerins.fr\/wp-content\/uploads\/2024\/11\/DSC7670P.jpg&#8221; background_enable_image=&#8221;on&#8221; global_colors_info=&#8221;{}&#8221; sticky_transition=&#8221;on&#8221;][\/et_pb_slide][\/et_pb_slider][\/et_pb_column][\/et_pb_row][\/et_pb_section]<\/p>\n","protected":false},"excerpt":{"rendered":"<p>Lors de la s\u00e9ance du Conseil communautaire \u00e0 Cannes, pr\u00e9sid\u00e9e par David Lisnard avec les vice-pr\u00e9sidents S\u00e9bastien Leroy et Richard Galy, plusieurs d\u00e9cisions cl\u00e9s ont \u00e9t\u00e9 prises pour l\u2019avenir de l\u2019Agglom\u00e9ration. &nbsp; Plan Climat-Air-\u00c9nergie Un objectif ambitieux de r\u00e9duction des \u00e9missions de gaz \u00e0 effet de serre de 40 % et de la consommation \u00e9nerg\u00e9tique [&hellip;]<\/p>\n","protected":false},"author":5,"featured_media":18704,"comment_status":"closed","ping_status":"closed","sticky":false,"template":"","format":"standard","meta":{"_et_pb_use_builder":"on","_et_pb_old_content":"","_et_gb_content_width":"","footnotes":""},"categories":[54],"tags":[],"class_list":["post-18699","post","type-post","status-publish","format-standard","has-post-thumbnail","hentry","category-actualites"],"_links":{"self":[{"href":"https:\/\/cannespaysdelerins.fr\/index.php\/wp-json\/wp\/v2\/posts\/18699","targetHints":{"allow":["GET"]}}],"collection":[{"href":"https:\/\/cannespaysdelerins.fr\/index.php\/wp-json\/wp\/v2\/posts"}],"about":[{"href":"https:\/\/cannespaysdelerins.fr\/index.php\/wp-json\/wp\/v2\/types\/post"}],"author":[{"embeddable":true,"href":"https:\/\/cannespaysdelerins.fr\/index.php\/wp-json\/wp\/v2\/users\/5"}],"replies":[{"embeddable":true,"href":"https:\/\/cannespaysdelerins.fr\/index.php\/wp-json\/wp\/v2\/comments?post=18699"}],"version-history":[{"count":7,"href":"https:\/\/cannespaysdelerins.fr\/index.php\/wp-json\/wp\/v2\/posts\/18699\/revisions"}],"predecessor-version":[{"id":20910,"href":"https:\/\/cannespaysdelerins.fr\/index.php\/wp-json\/wp\/v2\/posts\/18699\/revisions\/20910"}],"wp:featuredmedia":[{"embeddable":true,"href":"https:\/\/cannespaysdelerins.fr\/index.php\/wp-json\/wp\/v2\/media\/18704"}],"wp:attachment":[{"href":"https:\/\/cannespaysdelerins.fr\/index.php\/wp-json\/wp\/v2\/media?parent=18699"}],"wp:term":[{"taxonomy":"category","embeddable":true,"href":"https:\/\/cannespaysdelerins.fr\/index.php\/wp-json\/wp\/v2\/categories?post=18699"},{"taxonomy":"post_tag","embeddable":true,"href":"https:\/\/cannespaysdelerins.fr\/index.php\/wp-json\/wp\/v2\/tags?post=18699"}],"curies":[{"name":"wp","href":"https:\/\/api.w.org\/{rel}","templated":true}]}}