{"id":18276,"date":"2025-10-27T11:19:42","date_gmt":"2025-10-27T11:19:42","guid":{"rendered":"https:\/\/cannespaysdelerins.fr\/?p=18276"},"modified":"2025-10-27T11:19:42","modified_gmt":"2025-10-27T11:19:42","slug":"palmvelo-une-initiative-pour-promouvoir-la-mobilite-durable-a-cannes-lerins","status":"publish","type":"post","link":"https:\/\/cannespaysdelerins.fr\/index.php\/2025\/10\/27\/palmvelo-une-initiative-pour-promouvoir-la-mobilite-durable-a-cannes-lerins\/","title":{"rendered":"PalmV\u00e9lo : Une initiative pour promouvoir la mobilit\u00e9 durable \u00e0 Cannes L\u00e9rins"},"content":{"rendered":"<p>[et_pb_section fb_built=&#8221;1&#8243; _builder_version=&#8221;4.25.2&#8243; _module_preset=&#8221;default&#8221; global_colors_info=&#8221;{}&#8221;][et_pb_row admin_label=&#8221;Ligne&#8221; _builder_version=&#8221;4.25.2&#8243; _module_preset=&#8221;default&#8221; global_colors_info=&#8221;{}&#8221;][et_pb_column type=&#8221;4_4&#8243; _builder_version=&#8221;4.25.2&#8243; _module_preset=&#8221;default&#8221; global_colors_info=&#8221;{}&#8221;][et_pb_text _builder_version=&#8221;4.25.2&#8243; _module_preset=&#8221;default&#8221; global_colors_info=&#8221;{}&#8221;]<\/p>\n<p class=\"p3\">Dans le cadre de sa politique de <b>d\u00e9veloppement de la mobilit\u00e9 durable<\/b>, l\u2019agglom\u00e9ration <b>Cannes L\u00e9rins<\/b> invite et encourage, gr\u00e2ce \u00e0 <span style=\"color: #00ccff;\"><strong><a style=\"color: #00ccff;\" href=\"https:\/\/palmdeplacements.fr\/palm-velo\" target=\"_blank\" rel=\"noopener\">Palm V\u00e9lo<\/a><\/strong><\/span>, l\u2019usage du v\u00e9lo pour faciliter les d\u00e9placements quotidiens.<\/p>\n<h2 class=\"p3\"><b>PalmV\u00e9lo : Le service de location de v\u00e9los \u00e0 assistance \u00e9lectrique (VAE)<\/b><\/h2>\n<p class=\"p3\">Ce service permet aux habitants et salari\u00e9s de <b>Cannes L\u00e9rins<\/b> de louer des <b><a href=\"https:\/\/palmdeplacements.fr\/palm-velo\" target=\"_blank\" rel=\"noopener\"><span style=\"color: #00ccff;\">v\u00e9los \u00e0 assistance \u00e9lectrique (VAE)<\/span><\/a><\/b>\u00a0pour une dur\u00e9e minimale de <b>1 mois<\/b>, sans engagement. Ces v\u00e9los offrent une <b>assistance \u00e9lectrique jusqu&#8217;\u00e0 25 km\/h<\/b> et une <b>autonomie moyenne de 50 km<\/b> (selon les conditions d&#8217;utilisation), ce qui les rend id\u00e9aux pour vos trajets domicile-travail ou pour explorer la r\u00e9gion de mani\u00e8re \u00e9cologique.<\/p>\n<h2 class=\"p3\"><b>Des infrastructures pour favoriser l\u2019intermodalit\u00e9<\/b><\/h2>\n<p class=\"p3\">Pour rendre l\u2019usage du v\u00e9lo encore plus pratique, l\u2019agglom\u00e9ration a mis en place des <a href=\"https:\/\/palmdeplacements.fr\/abri-velo\/\" target=\"_blank\" rel=\"noopener\"><span style=\"color: #00ccff;\"><b>abris v\u00e9los collectifs et s\u00e9curis\u00e9s<\/b><\/span><\/a>, situ\u00e9s \u00e0 proximit\u00e9 des arr\u00eats du r\u00e9seau <b>Palm Bus<\/b>. Ces infrastructures encouragent l\u2019intermodalit\u00e9 en permettant de combiner facilement v\u00e9lo et transports en commun pour vos d\u00e9placements.<\/p>\n<h2 class=\"p3\"><b>Un service toujours plus accessible<\/b><\/h2>\n<p class=\"p3\">PalmV\u00e9lo a simplifi\u00e9 l\u2019acc\u00e8s \u00e0 son service avec :<\/p>\n<ul class=\"ul1\">\n<li class=\"li3\"><a href=\"http:\/\/palmvelo.flt.is\"><span style=\"color: #00ccff;\"><b>R\u00e9servation et paiement en ligne<\/b><\/span><\/a>\u00a024h\/24, 7j\/7<\/li>\n<li class=\"li3\"><b>Assistance t\u00e9l\u00e9phonique<\/b> 6 jours sur 7<\/li>\n<li class=\"li3\"><b>Plus de points de retrait et de restitution<\/b> des v\u00e9los.<\/li>\n<\/ul>\n<h2 class=\"p3\"><b>Contactez Palm V\u00e9lo<\/b><\/h2>\n<ul class=\"ul1\">\n<li class=\"li3\"><b>Par t\u00e9l\u00e9phone<\/b> : <a href=\"tel:0637813994\"><strong><span style=\"color: #00ccff;\">06 37 81 39 94<\/span><\/strong><\/a><\/li>\n<li class=\"li3\"><b>Par mail<\/b> : <strong><span style=\"color: #00ccff;\"><a style=\"color: #00ccff;\" href=\"mailto:location_ld@koboo.fr\">location_ld@koboo.fr<\/a><\/span><\/strong><\/li>\n<\/ul>\n<p>[\/et_pb_text][\/et_pb_column][\/et_pb_row][\/et_pb_section]<\/p>\n","protected":false},"excerpt":{"rendered":"<p>Dans le cadre de sa politique de d\u00e9veloppement de la mobilit\u00e9 durable, l\u2019agglom\u00e9ration Cannes L\u00e9rins invite et encourage, gr\u00e2ce \u00e0 Palm V\u00e9lo, l\u2019usage du v\u00e9lo pour faciliter les d\u00e9placements quotidiens. PalmV\u00e9lo : Le service de location de v\u00e9los \u00e0 assistance \u00e9lectrique (VAE) Ce service permet aux habitants et salari\u00e9s de Cannes L\u00e9rins de louer des [&hellip;]<\/p>\n","protected":false},"author":5,"featured_media":18281,"comment_status":"closed","ping_status":"closed","sticky":false,"template":"","format":"standard","meta":{"_et_pb_use_builder":"on","_et_pb_old_content":"","_et_gb_content_width":"","footnotes":""},"categories":[54],"tags":[],"class_list":["post-18276","post","type-post","status-publish","format-standard","has-post-thumbnail","hentry","category-actualites"],"_links":{"self":[{"href":"https:\/\/cannespaysdelerins.fr\/index.php\/wp-json\/wp\/v2\/posts\/18276","targetHints":{"allow":["GET"]}}],"collection":[{"href":"https:\/\/cannespaysdelerins.fr\/index.php\/wp-json\/wp\/v2\/posts"}],"about":[{"href":"https:\/\/cannespaysdelerins.fr\/index.php\/wp-json\/wp\/v2\/types\/post"}],"author":[{"embeddable":true,"href":"https:\/\/cannespaysdelerins.fr\/index.php\/wp-json\/wp\/v2\/users\/5"}],"replies":[{"embeddable":true,"href":"https:\/\/cannespaysdelerins.fr\/index.php\/wp-json\/wp\/v2\/comments?post=18276"}],"version-history":[{"count":13,"href":"https:\/\/cannespaysdelerins.fr\/index.php\/wp-json\/wp\/v2\/posts\/18276\/revisions"}],"predecessor-version":[{"id":20915,"href":"https:\/\/cannespaysdelerins.fr\/index.php\/wp-json\/wp\/v2\/posts\/18276\/revisions\/20915"}],"wp:featuredmedia":[{"embeddable":true,"href":"https:\/\/cannespaysdelerins.fr\/index.php\/wp-json\/wp\/v2\/media\/18281"}],"wp:attachment":[{"href":"https:\/\/cannespaysdelerins.fr\/index.php\/wp-json\/wp\/v2\/media?parent=18276"}],"wp:term":[{"taxonomy":"category","embeddable":true,"href":"https:\/\/cannespaysdelerins.fr\/index.php\/wp-json\/wp\/v2\/categories?post=18276"},{"taxonomy":"post_tag","embeddable":true,"href":"https:\/\/cannespaysdelerins.fr\/index.php\/wp-json\/wp\/v2\/tags?post=18276"}],"curies":[{"name":"wp","href":"https:\/\/api.w.org\/{rel}","templated":true}]}}