{"id":17832,"date":"2025-10-27T11:21:33","date_gmt":"2025-10-27T11:21:33","guid":{"rendered":"https:\/\/cannespaysdelerins.fr\/?p=17832"},"modified":"2025-10-27T11:21:33","modified_gmt":"2025-10-27T11:21:33","slug":"opportunite-de-soutien-pour-vos-projets-de-developpement-industriel-fond-vert","status":"publish","type":"post","link":"https:\/\/cannespaysdelerins.fr\/index.php\/2025\/10\/27\/opportunite-de-soutien-pour-vos-projets-de-developpement-industriel-fond-vert\/","title":{"rendered":"Opportunit\u00e9 de soutien pour vos projets de d\u00e9veloppement industriel &#8211; FONDS VERT"},"content":{"rendered":"<p>[et_pb_section fb_built=&#8221;1&#8243; _builder_version=&#8221;4.25.2&#8243; _module_preset=&#8221;default&#8221; global_colors_info=&#8221;{}&#8221;][et_pb_row _builder_version=&#8221;4.25.2&#8243; _module_preset=&#8221;default&#8221; global_colors_info=&#8221;{}&#8221;][et_pb_column type=&#8221;4_4&#8243; _builder_version=&#8221;4.25.2&#8243; _module_preset=&#8221;default&#8221; global_colors_info=&#8221;{}&#8221;][et_pb_text _builder_version=&#8221;4.25.2&#8243; _module_preset=&#8221;default&#8221; global_colors_info=&#8221;{}&#8221;]<\/p>\n<p>Dans le cadre de la lab\u00e9lisation <strong>\u00ab\u00a0Territoires d\u2019industrie\u00a0\u00bb <\/strong>l\u2019Agglom\u00e9ration Cannes L\u00e9rins s\u2019engage activement \u00e0 soutenir les entreprises locales pour concr\u00e9tiser leurs projets industriels de croissance et d\u2019innovation.<\/p>\n<p>Ainsi, notre collectivit\u00e9 souhaite informer l\u2019ensemble de ses acteurs \u00e9conomiques de derni\u00e8res mesures gouvernementales et pr\u00e9senter les diff\u00e9rentes aides disponibles.<\/p>\n<p>Nous souhaitons faire un focus sur la nouvelle mesure <strong>\u00ab Fonds vert en transition \u00e9cologique \u00bb<\/strong> port\u00e9e par la R\u00e9gion Sud et l\u2019ADEME qui vise \u00e0 soutenir des projets d\u2019investissements industriels structurants et ambitieux sur le plan environnemental.<\/p>\n<p>Cette mesure vise \u00e0 participer au financement de d\u00e9penses d\u2019investissement se rapportant \u00e0 de l&#8217;industrialisation ou du d\u00e9veloppement industriel.<\/p>\n<p>&nbsp;<\/p>\n<p><strong>Les projets doivent pr\u00e9senter une assiette minimale de d\u00e9penses de<\/strong> <strong>400 000 \u20ac<\/strong>. <strong>Plusieurs crit\u00e8res sont \u00e0 prendre en compte : l\u2019ancrage local, l\u2019impact environnemental, l\u2019augmentation de la capacit\u00e9 de production, l\u2019impact social, le caract\u00e8re incitatif de l\u2019aide et la pr\u00e9servation de la souverainet\u00e9 industrielle fran\u00e7aise.<\/strong><\/p>\n<p>Pour obtenir plus de d\u00e9tails\u00a0voici le lien :<span style=\"text-decoration: underline;\"><span style=\"color: #0000ff;\"><strong> <a style=\"color: #0000ff; text-decoration: underline;\" href=\"https:\/\/aides-territoires.beta.gouv.fr\/aides\/574f-territoires-dindustrie-en-transition-ecologiq\/\">Acc\u00e9l\u00e9rer la transition \u00e9cologique des Territoires d\u2019industrie | Aides-territoires (beta.gouv.fr)<\/a><\/strong><\/span><\/span><\/p>\n<p>&nbsp;<\/p>\n<p>Contact CACPL :<\/p>\n<p>T\u00e9l. : 04 89 82 27 32.<\/p>\n<p>&nbsp;<\/p>\n<p>[\/et_pb_text][\/et_pb_column][\/et_pb_row][\/et_pb_section]<\/p>\n","protected":false},"excerpt":{"rendered":"<p>Dans le cadre de la lab\u00e9lisation \u00ab\u00a0Territoires d\u2019industrie\u00a0\u00bb l\u2019Agglom\u00e9ration Cannes L\u00e9rins s\u2019engage activement \u00e0 soutenir les entreprises locales pour concr\u00e9tiser leurs projets industriels de croissance et d\u2019innovation. Ainsi, notre collectivit\u00e9 souhaite informer l\u2019ensemble de ses acteurs \u00e9conomiques de derni\u00e8res mesures gouvernementales et pr\u00e9senter les diff\u00e9rentes aides disponibles. Nous souhaitons faire un focus sur la nouvelle [&hellip;]<\/p>\n","protected":false},"author":3,"featured_media":17852,"comment_status":"closed","ping_status":"closed","sticky":false,"template":"","format":"standard","meta":{"_et_pb_use_builder":"on","_et_pb_old_content":"","_et_gb_content_width":"","footnotes":""},"categories":[54],"tags":[],"class_list":["post-17832","post","type-post","status-publish","format-standard","has-post-thumbnail","hentry","category-actualites"],"_links":{"self":[{"href":"https:\/\/cannespaysdelerins.fr\/index.php\/wp-json\/wp\/v2\/posts\/17832","targetHints":{"allow":["GET"]}}],"collection":[{"href":"https:\/\/cannespaysdelerins.fr\/index.php\/wp-json\/wp\/v2\/posts"}],"about":[{"href":"https:\/\/cannespaysdelerins.fr\/index.php\/wp-json\/wp\/v2\/types\/post"}],"author":[{"embeddable":true,"href":"https:\/\/cannespaysdelerins.fr\/index.php\/wp-json\/wp\/v2\/users\/3"}],"replies":[{"embeddable":true,"href":"https:\/\/cannespaysdelerins.fr\/index.php\/wp-json\/wp\/v2\/comments?post=17832"}],"version-history":[{"count":17,"href":"https:\/\/cannespaysdelerins.fr\/index.php\/wp-json\/wp\/v2\/posts\/17832\/revisions"}],"predecessor-version":[{"id":20916,"href":"https:\/\/cannespaysdelerins.fr\/index.php\/wp-json\/wp\/v2\/posts\/17832\/revisions\/20916"}],"wp:featuredmedia":[{"embeddable":true,"href":"https:\/\/cannespaysdelerins.fr\/index.php\/wp-json\/wp\/v2\/media\/17852"}],"wp:attachment":[{"href":"https:\/\/cannespaysdelerins.fr\/index.php\/wp-json\/wp\/v2\/media?parent=17832"}],"wp:term":[{"taxonomy":"category","embeddable":true,"href":"https:\/\/cannespaysdelerins.fr\/index.php\/wp-json\/wp\/v2\/categories?post=17832"},{"taxonomy":"post_tag","embeddable":true,"href":"https:\/\/cannespaysdelerins.fr\/index.php\/wp-json\/wp\/v2\/tags?post=17832"}],"curies":[{"name":"wp","href":"https:\/\/api.w.org\/{rel}","templated":true}]}}