{"id":16924,"date":"2025-10-27T11:25:49","date_gmt":"2025-10-27T11:25:49","guid":{"rendered":"https:\/\/cannespaysdelerins.fr\/?p=16924"},"modified":"2025-10-27T11:25:49","modified_gmt":"2025-10-27T11:25:49","slug":"lagglomeration-cannes-lerins-installe-21-paniers-anti-macro-dechets","status":"publish","type":"post","link":"https:\/\/cannespaysdelerins.fr\/index.php\/2025\/10\/27\/lagglomeration-cannes-lerins-installe-21-paniers-anti-macro-dechets\/","title":{"rendered":"L\u2019Agglom\u00e9ration Cannes L\u00e9rins installe 21 paniers anti macro-d\u00e9chets"},"content":{"rendered":"<p>[et_pb_section fb_built=&#8221;1&#8243; admin_label=&#8221;section&#8221; _builder_version=&#8221;4.16&#8243; global_colors_info=&#8221;{}&#8221;][et_pb_row admin_label=&#8221;row&#8221; _builder_version=&#8221;4.16&#8243; background_size=&#8221;initial&#8221; background_position=&#8221;top_left&#8221; background_repeat=&#8221;repeat&#8221; global_colors_info=&#8221;{}&#8221;][et_pb_column type=&#8221;4_4&#8243; _builder_version=&#8221;4.16&#8243; custom_padding=&#8221;|||&#8221; global_colors_info=&#8221;{}&#8221; custom_padding__hover=&#8221;|||&#8221;][et_pb_text admin_label=&#8221;Text&#8221; _builder_version=&#8221;4.16&#8243; background_size=&#8221;initial&#8221; background_position=&#8221;top_left&#8221; background_repeat=&#8221;repeat&#8221; global_colors_info=&#8221;{}&#8221;]<\/p>\n<p>La protection de la M\u00e9diterran\u00e9e est une priorit\u00e9 pour l\u2019Agglom\u00e9ration Cannes L\u00e9rins. Cet engagement concret et innovant se poursuit gr\u00e2ce \u00e0 l\u2019installation de 21 paniers anti macro-d\u00e9chets dans les avaloirs de la place Gambetta \u00e0 Cannes. Ce dispositif vise \u00e0 limiter drastiquement les rejets en mer de d\u00e9chets solides tels que le plastique, le verre, l&#8217;aluminium et les m\u00e9gots de cigarettes, transport\u00e9s via les eaux pluviales. Parce que comme le dit notre slogan repris par de nombreuses villes fran\u00e7aises et europ\u00e9ennes, \u00ab Ici commence la mer \u00bb. Cette initiative s\u2019inscrit dans la politique volontariste de pr\u00e9servation et de protection des fonds marins, port\u00e9e par David Lisnard, pr\u00e9sident de l&#8217;Agglom\u00e9ration Cannes L\u00e9rins et maire de Cannes.<\/p>\n<h2><strong>Prot\u00e9ger les eaux du bassin de vie cannois, une priorit\u00e9<\/strong><\/h2>\n<p>L\u2019Agglom\u00e9ration Cannes L\u00e9rins a install\u00e9 21 paniers de r\u00e9cup\u00e9ration des macros-d\u00e9chets dans les avaloirs de la Place Gambetta \u00e0 Cannes pour un montant total de 12 763 euros. Ces dispositifs, fabriqu\u00e9s sur-mesure par l\u2019entreprise locale Pollustock, captent les rejets solides comme les plastiques, le verre et m\u00eame les m\u00e9gots de cigarette afin qu\u2019ils ne polluent pas la M\u00e9diterran\u00e9e.<\/p>\n<p>Une op\u00e9ration concr\u00e8te pilot\u00e9e par l\u2019Agglom\u00e9ration Cannes L\u00e9rins qui poursuit le programme de pr\u00e9servation de la qualit\u00e9 des cours d\u2019eau et de la mer port\u00e9 par son Pr\u00e9sident David Lisnard. Les objectifs de cette action sont doubles :<\/p>\n<ul>\n<li>renforcer la pr\u00e9servation du patrimoine naturel par la r\u00e9cup\u00e9ration des d\u00e9chets avant qu\u2019ils n\u2019arrivent en mer. Ce dispositif compl\u00e8te ainsi les op\u00e9rations d\u2019entretien et de sensibilisation r\u00e9alis\u00e9es quotidiennement sur la partie terrestre du bassin de vie. Pour rappel, depuis la prise de comp\u00e9tence GEMAPI (Gestion des Milieux Aquatiques et Pr\u00e9vention des Inondations) par l\u2019Agglom\u00e9ration Cannes L\u00e9rins en juin 2016, plus de 1 682 070 m2 de cours d\u2019eau et vallons publics ont \u00e9t\u00e9 d\u00e9broussaill\u00e9s et plus de 254 tonnes de macro d\u00e9chets ont \u00e9t\u00e9 retir\u00e9es sur le territoire ;<\/li>\n<li>avoir une connaissance fine de la nature et du volume des d\u00e9chets collect\u00e9s, en vue d\u2019optimiser les \u00e9quipements et dispositifs anti-d\u00e9chets existants sur les communes de l\u2019Agglom\u00e9ration Cannes L\u00e9rins.<\/li>\n<\/ul>\n<p>Depuis janvier 2020, une trentaine de filets de r\u00e9tention ont d\u00e9j\u00e0 \u00e9t\u00e9 install\u00e9s \u00e0 Cannes, Mandelieu-La Napoule et Th\u00e9oule-sur Mer aux extr\u00e9mit\u00e9s des canalisations d\u2019eaux pluviales et \u00e0 pr\u00e9sent \u00e0 l\u2019entr\u00e9e de ces derni\u00e8res. \u00c0 ce jour, plus de 2 tonnes de d\u00e9chets secs (emballages plastiques, m\u00e9talliques, cartonn\u00e9s et papiers) ont \u00e9t\u00e9 collect\u00e9es sur l\u2019ensemble du territoire.<\/p>\n<p>En parall\u00e8le de ces solutions innovantes, la sensibilisation notamment des scolaires et la lutte contre l\u2019incivisme, font aussi partie d\u2019un dispositif global qui vise \u00e0 \u00e9viter que la mer ne soit pollu\u00e9e. Cela s\u2019est notamment traduit par le d\u00e9ploiement depuis 2016 de 800 plaques signal\u00e9tiques \u00ab Ici commence la mer \u00bb, slogan pionner dupliqu\u00e9 dans plus de 50 communes fran\u00e7aises et europ\u00e9ennes. Enfin, depuis le 1er juin 2019, les kiosques de restauration se sont engag\u00e9s \u00e0 ne plus utiliser de vaisselle en plastique jetable, ainsi que, depuis 2020, l\u2019ensemble des exploitants du domaine public, conform\u00e9ment au Plan Z\u00e9ro Plastique de la Mairie de Cannes.<\/p>\n<p>[\/et_pb_text][\/et_pb_column][\/et_pb_row][\/et_pb_section]<\/p>\n","protected":false},"excerpt":{"rendered":"<p>La protection de la M\u00e9diterran\u00e9e est une priorit\u00e9 pour l\u2019Agglom\u00e9ration Cannes L\u00e9rins. Cet engagement concret et innovant se poursuit gr\u00e2ce \u00e0 l\u2019installation de 21 paniers anti macro-d\u00e9chets dans les avaloirs de la place Gambetta \u00e0 Cannes. Ce dispositif vise \u00e0 limiter drastiquement les rejets en mer de d\u00e9chets solides tels que le plastique, le verre, [&hellip;]<\/p>\n","protected":false},"author":3,"featured_media":16958,"comment_status":"closed","ping_status":"closed","sticky":false,"template":"","format":"standard","meta":{"_et_pb_use_builder":"on","_et_pb_old_content":"<p>La protection de la M\u00e9diterran\u00e9e est une priorit\u00e9 pour l\u2019Agglom\u00e9ration Cannes L\u00e9rins. Cet engagement concret et innovant se poursuit gr\u00e2ce \u00e0 l\u2019installation de 21 paniers anti macro-d\u00e9chets dans les avaloirs de la place Gambetta \u00e0 Cannes. Ce dispositif vise \u00e0 limiter drastiquement les rejets en mer de d\u00e9chets solides tels que le plastique, le verre, l'aluminium et les m\u00e9gots de cigarettes, transport\u00e9s via les eaux pluviales. Parce que comme le dit notre slogan repris par de nombreuses villes fran\u00e7aises et europ\u00e9ennes, \u00ab Ici commence la mer \u00bb. Cette initiative s\u2019inscrit dans la politique volontariste de pr\u00e9servation et de protection des fonds marins, port\u00e9e par David Lisnard, pr\u00e9sident de l'Agglom\u00e9ration Cannes L\u00e9rins et maire de Cannes.<\/p><h2><strong>Prot\u00e9ger les eaux du bassin de vie cannois, une priorit\u00e9<\/strong><\/h2><p>L\u2019Agglom\u00e9ration Cannes L\u00e9rins a install\u00e9 21 paniers de r\u00e9cup\u00e9ration des macros-d\u00e9chets dans les avaloirs de la Place Gambetta \u00e0 Cannes pour un montant total de 12 763 euros. Ces dispositifs, fabriqu\u00e9s sur-mesure par l\u2019entreprise locale Pollustock, captent les rejets solides comme les plastiques, le verre et m\u00eame les m\u00e9gots de cigarette afin qu\u2019ils ne polluent pas la M\u00e9diterran\u00e9e.<\/p><p>Une op\u00e9ration concr\u00e8te pilot\u00e9e par l\u2019Agglom\u00e9ration Cannes L\u00e9rins qui poursuit le programme de pr\u00e9servation de la qualit\u00e9 des cours d\u2019eau et de la mer port\u00e9 par son Pr\u00e9sident David Lisnard. Les objectifs de cette action sont doubles :<\/p><ul><li>renforcer la pr\u00e9servation du patrimoine naturel par la r\u00e9cup\u00e9ration des d\u00e9chets avant qu\u2019ils n\u2019arrivent en mer. Ce dispositif compl\u00e8te ainsi les op\u00e9rations d\u2019entretien et de sensibilisation r\u00e9alis\u00e9es quotidiennement sur la partie terrestre du bassin de vie. Pour rappel, depuis la prise de comp\u00e9tence GEMAPI (Gestion des Milieux Aquatiques et Pr\u00e9vention des Inondations) par l\u2019Agglom\u00e9ration Cannes L\u00e9rins en juin 2016, plus de 1 682 070 m2 de cours d\u2019eau et vallons publics ont \u00e9t\u00e9 d\u00e9broussaill\u00e9s et plus de 254 tonnes de macro d\u00e9chets ont \u00e9t\u00e9 retir\u00e9es sur le territoire ;<\/li><li>avoir une connaissance fine de la nature et du volume des d\u00e9chets collect\u00e9s, en vue d\u2019optimiser les \u00e9quipements et dispositifs anti-d\u00e9chets existants sur les communes de l\u2019Agglom\u00e9ration Cannes L\u00e9rins.<\/li><\/ul><p>Depuis janvier 2020, une trentaine de filets de r\u00e9tention ont d\u00e9j\u00e0 \u00e9t\u00e9 install\u00e9s \u00e0 Cannes, Mandelieu-La Napoule et Th\u00e9oule-sur Mer aux extr\u00e9mit\u00e9s des canalisations d\u2019eaux pluviales et \u00e0 pr\u00e9sent \u00e0 l\u2019entr\u00e9e de ces derni\u00e8res. \u00c0 ce jour, plus de 2 tonnes de d\u00e9chets secs (emballages plastiques, m\u00e9talliques, cartonn\u00e9s et papiers) ont \u00e9t\u00e9 collect\u00e9es sur l\u2019ensemble du territoire.<\/p><p>En parall\u00e8le de ces solutions innovantes, la sensibilisation notamment des scolaires et la lutte contre l\u2019incivisme, font aussi partie d\u2019un dispositif global qui vise \u00e0 \u00e9viter que la mer ne soit pollu\u00e9e. Cela s\u2019est notamment traduit par le d\u00e9ploiement depuis 2016 de 800 plaques signal\u00e9tiques \u00ab Ici commence la mer \u00bb, slogan pionner dupliqu\u00e9 dans plus de 50 communes fran\u00e7aises et europ\u00e9ennes. Enfin, depuis le 1er juin 2019, les kiosques de restauration se sont engag\u00e9s \u00e0 ne plus utiliser de vaisselle en plastique jetable, ainsi que, depuis 2020, l\u2019ensemble des exploitants du domaine public, conform\u00e9ment au Plan Z\u00e9ro Plastique de la Mairie de Cannes.<\/p>","_et_gb_content_width":"","footnotes":""},"categories":[54],"tags":[],"class_list":["post-16924","post","type-post","status-publish","format-standard","has-post-thumbnail","hentry","category-actualites"],"_links":{"self":[{"href":"https:\/\/cannespaysdelerins.fr\/index.php\/wp-json\/wp\/v2\/posts\/16924","targetHints":{"allow":["GET"]}}],"collection":[{"href":"https:\/\/cannespaysdelerins.fr\/index.php\/wp-json\/wp\/v2\/posts"}],"about":[{"href":"https:\/\/cannespaysdelerins.fr\/index.php\/wp-json\/wp\/v2\/types\/post"}],"author":[{"embeddable":true,"href":"https:\/\/cannespaysdelerins.fr\/index.php\/wp-json\/wp\/v2\/users\/3"}],"replies":[{"embeddable":true,"href":"https:\/\/cannespaysdelerins.fr\/index.php\/wp-json\/wp\/v2\/comments?post=16924"}],"version-history":[{"count":8,"href":"https:\/\/cannespaysdelerins.fr\/index.php\/wp-json\/wp\/v2\/posts\/16924\/revisions"}],"predecessor-version":[{"id":20920,"href":"https:\/\/cannespaysdelerins.fr\/index.php\/wp-json\/wp\/v2\/posts\/16924\/revisions\/20920"}],"wp:featuredmedia":[{"embeddable":true,"href":"https:\/\/cannespaysdelerins.fr\/index.php\/wp-json\/wp\/v2\/media\/16958"}],"wp:attachment":[{"href":"https:\/\/cannespaysdelerins.fr\/index.php\/wp-json\/wp\/v2\/media?parent=16924"}],"wp:term":[{"taxonomy":"category","embeddable":true,"href":"https:\/\/cannespaysdelerins.fr\/index.php\/wp-json\/wp\/v2\/categories?post=16924"},{"taxonomy":"post_tag","embeddable":true,"href":"https:\/\/cannespaysdelerins.fr\/index.php\/wp-json\/wp\/v2\/tags?post=16924"}],"curies":[{"name":"wp","href":"https:\/\/api.w.org\/{rel}","templated":true}]}}